{"id":1192,"date":"2025-05-29T10:13:59","date_gmt":"2025-05-29T08:13:59","guid":{"rendered":"https:\/\/zumaiamusikaeskola.eus\/?p=1192"},"modified":"2025-05-29T10:13:59","modified_gmt":"2025-05-29T08:13:59","slug":"dantzari-txiki-eguna-en-zumaia","status":"publish","type":"post","link":"https:\/\/zumaiamusikaeskola.eus\/es\/noticias\/dantzari-txiki-eguna-en-zumaia\/","title":{"rendered":"Dantzari Txiki Eguna en Zumaia"},"content":{"rendered":"<p>El pr\u00f3ximo domingo, 1 de junio, se celebrar\u00e1 el d\u00eda de Dantzari Txiki en Zumaia, y los-as alumnos-as de la Escuela de M\u00fasica y Danza van a participar en ese acto.<\/p>\n<p>El programa del d\u00eda ser\u00e1 el siguiente:<\/p>\n<p>A las 10:30, reuni\u00f3n de todos-as los-as dantzaris, en la Plaza Ondartxo.<br \/>\nA las 11:00, kalejira de los-as dantzaris de Errenteria y Getaria a la playa de Itzurun.<br \/>\nLos dantzaris de la Escuela de M\u00fasica y Danza de Zumaia ir\u00e1n a la Plaza Martxoak 8.<br \/>\nA las 12:15, reuni\u00f3n de los-as dantzaris en Amaia Plaza, para ir desde la calle Erribera hasta Beheko Plaza.<br \/>\nA las 13:00, actuaci\u00f3n en Beheko Plaza.<br \/>\nA las 13:30, comida. La organizaci\u00f3n de grupos de los-as dantzaris de Errenteria y Getaria quedar\u00e1 en manos de las familiares voluntarios-as de la Escuela de M\u00fasica y Danza de Zumaia, junto con los profesores.<br \/>\nA las 16:00, actuaci\u00f3n de Modesto, en Beheko Plaza.<\/p>\n","protected":false},"excerpt":{"rendered":"<p>El pr\u00f3ximo domingo, 1 de junio, se celebrar\u00e1 el d\u00eda de Dantzari Txiki en Zumaia, y los-as alumnos-as de la Escuela de M\u00fasica y Danza van a participar en ese acto. El programa del d\u00eda ser\u00e1 el siguiente: A las 10:30, reuni\u00f3n de todos-as los-as dantzaris, en la Plaza Ondartxo. A las 11:00, kalejira de [&hellip;]<\/p>\n","protected":false},"author":4,"featured_media":958,"comment_status":"closed","ping_status":"closed","sticky":false,"template":"","format":"standard","meta":{"_acf_changed":false,"footnotes":""},"categories":[6],"tags":[],"class_list":["post-1192","post","type-post","status-publish","format-standard","has-post-thumbnail","hentry","category-noticias"],"acf":[],"yoast_head":"<!-- This site is optimized with the Yoast SEO plugin v26.2 - https:\/\/yoast.com\/wordpress\/plugins\/seo\/ -->\n<title>Dantzari Txiki Eguna en Zumaia | Zumaiako Musika Eskola<\/title>\n<meta name=\"robots\" content=\"index, follow, max-snippet:-1, max-image-preview:large, max-video-preview:-1\" \/>\n<link rel=\"canonical\" href=\"https:\/\/zumaiamusikaeskola.eus\/es\/noticias\/dantzari-txiki-eguna-en-zumaia\/\" \/>\n<meta property=\"og:locale\" content=\"es_ES\" \/>\n<meta property=\"og:type\" content=\"article\" \/>\n<meta property=\"og:title\" content=\"Dantzari Txiki Eguna en Zumaia | Zumaiako Musika Eskola\" \/>\n<meta property=\"og:description\" content=\"El pr\u00f3ximo domingo, 1 de junio, se celebrar\u00e1 el d\u00eda de Dantzari Txiki en Zumaia, y los-as alumnos-as de la Escuela de M\u00fasica y Danza van a participar en ese acto. El programa del d\u00eda ser\u00e1 el siguiente: A las 10:30, reuni\u00f3n de todos-as los-as dantzaris, en la Plaza Ondartxo. A las 11:00, kalejira de [&hellip;]\" \/>\n<meta property=\"og:url\" content=\"https:\/\/zumaiamusikaeskola.eus\/es\/noticias\/dantzari-txiki-eguna-en-zumaia\/\" \/>\n<meta property=\"og:site_name\" content=\"Zumaiako Musika Eskola\" \/>\n<meta property=\"article:published_time\" content=\"2025-05-29T08:13:59+00:00\" \/>\n<meta property=\"og:image\" content=\"https:\/\/zumaiamusikaeskola.eus\/wp-content\/uploads\/2024\/09\/dantzari_txiki_egunaEKA24.jpg\" \/>\n\t<meta property=\"og:image:width\" content=\"1101\" \/>\n\t<meta property=\"og:image:height\" content=\"845\" \/>\n\t<meta property=\"og:image:type\" content=\"image\/jpeg\" \/>\n<meta name=\"author\" content=\"txoritxiki\" \/>\n<meta name=\"twitter:card\" content=\"summary_large_image\" \/>\n<meta name=\"twitter:label1\" content=\"Escrito por\" \/>\n\t<meta name=\"twitter:data1\" content=\"txoritxiki\" \/>\n\t<meta name=\"twitter:label2\" content=\"Tiempo de lectura\" \/>\n\t<meta name=\"twitter:data2\" content=\"2 minutos\" \/>\n<script type=\"application\/ld+json\" class=\"yoast-schema-graph\">{\"@context\":\"https:\/\/schema.org\",\"@graph\":[{\"@type\":\"Article\",\"@id\":\"https:\/\/zumaiamusikaeskola.eus\/es\/noticias\/dantzari-txiki-eguna-en-zumaia\/#article\",\"isPartOf\":{\"@id\":\"https:\/\/zumaiamusikaeskola.eus\/es\/noticias\/dantzari-txiki-eguna-en-zumaia\/\"},\"author\":{\"name\":\"txoritxiki\",\"@id\":\"https:\/\/zumaiamusikaeskola.eus\/es\/#\/schema\/person\/deeee152a73494772b2a570fc4ee0e1b\"},\"headline\":\"Dantzari Txiki Eguna en Zumaia\",\"datePublished\":\"2025-05-29T08:13:59+00:00\",\"mainEntityOfPage\":{\"@id\":\"https:\/\/zumaiamusikaeskola.eus\/es\/noticias\/dantzari-txiki-eguna-en-zumaia\/\"},\"wordCount\":162,\"publisher\":{\"@id\":\"https:\/\/zumaiamusikaeskola.eus\/es\/#organization\"},\"image\":{\"@id\":\"https:\/\/zumaiamusikaeskola.eus\/es\/noticias\/dantzari-txiki-eguna-en-zumaia\/#primaryimage\"},\"thumbnailUrl\":\"https:\/\/zumaiamusikaeskola.eus\/wp-content\/uploads\/2024\/09\/dantzari_txiki_egunaEKA24.jpg\",\"articleSection\":[\"Noticias\"],\"inLanguage\":\"es\"},{\"@type\":\"WebPage\",\"@id\":\"https:\/\/zumaiamusikaeskola.eus\/es\/noticias\/dantzari-txiki-eguna-en-zumaia\/\",\"url\":\"https:\/\/zumaiamusikaeskola.eus\/es\/noticias\/dantzari-txiki-eguna-en-zumaia\/\",\"name\":\"Dantzari Txiki Eguna en Zumaia | Zumaiako Musika Eskola\",\"isPartOf\":{\"@id\":\"https:\/\/zumaiamusikaeskola.eus\/es\/#website\"},\"primaryImageOfPage\":{\"@id\":\"https:\/\/zumaiamusikaeskola.eus\/es\/noticias\/dantzari-txiki-eguna-en-zumaia\/#primaryimage\"},\"image\":{\"@id\":\"https:\/\/zumaiamusikaeskola.eus\/es\/noticias\/dantzari-txiki-eguna-en-zumaia\/#primaryimage\"},\"thumbnailUrl\":\"https:\/\/zumaiamusikaeskola.eus\/wp-content\/uploads\/2024\/09\/dantzari_txiki_egunaEKA24.jpg\",\"datePublished\":\"2025-05-29T08:13:59+00:00\",\"breadcrumb\":{\"@id\":\"https:\/\/zumaiamusikaeskola.eus\/es\/noticias\/dantzari-txiki-eguna-en-zumaia\/#breadcrumb\"},\"inLanguage\":\"es\",\"potentialAction\":[{\"@type\":\"ReadAction\",\"target\":[\"https:\/\/zumaiamusikaeskola.eus\/es\/noticias\/dantzari-txiki-eguna-en-zumaia\/\"]}]},{\"@type\":\"ImageObject\",\"inLanguage\":\"es\",\"@id\":\"https:\/\/zumaiamusikaeskola.eus\/es\/noticias\/dantzari-txiki-eguna-en-zumaia\/#primaryimage\",\"url\":\"https:\/\/zumaiamusikaeskola.eus\/wp-content\/uploads\/2024\/09\/dantzari_txiki_egunaEKA24.jpg\",\"contentUrl\":\"https:\/\/zumaiamusikaeskola.eus\/wp-content\/uploads\/2024\/09\/dantzari_txiki_egunaEKA24.jpg\",\"width\":1101,\"height\":845,\"caption\":\"Dantzari Txiki Eguna\"},{\"@type\":\"BreadcrumbList\",\"@id\":\"https:\/\/zumaiamusikaeskola.eus\/es\/noticias\/dantzari-txiki-eguna-en-zumaia\/#breadcrumb\",\"itemListElement\":[{\"@type\":\"ListItem\",\"position\":1,\"name\":\"Home\",\"item\":\"https:\/\/zumaiamusikaeskola.eus\/es\/\"},{\"@type\":\"ListItem\",\"position\":2,\"name\":\"Dantzari Txiki Eguna en Zumaia\"}]},{\"@type\":\"WebSite\",\"@id\":\"https:\/\/zumaiamusikaeskola.eus\/es\/#website\",\"url\":\"https:\/\/zumaiamusikaeskola.eus\/es\/\",\"name\":\"Zumaiako Musika Eskola\",\"description\":\"Txori Txiki\",\"publisher\":{\"@id\":\"https:\/\/zumaiamusikaeskola.eus\/es\/#organization\"},\"potentialAction\":[{\"@type\":\"SearchAction\",\"target\":{\"@type\":\"EntryPoint\",\"urlTemplate\":\"https:\/\/zumaiamusikaeskola.eus\/es\/?s={search_term_string}\"},\"query-input\":{\"@type\":\"PropertyValueSpecification\",\"valueRequired\":true,\"valueName\":\"search_term_string\"}}],\"inLanguage\":\"es\"},{\"@type\":\"Organization\",\"@id\":\"https:\/\/zumaiamusikaeskola.eus\/es\/#organization\",\"name\":\"Zumaiako Musika Eskola\",\"url\":\"https:\/\/zumaiamusikaeskola.eus\/es\/\",\"logo\":{\"@type\":\"ImageObject\",\"inLanguage\":\"es\",\"@id\":\"https:\/\/zumaiamusikaeskola.eus\/es\/#\/schema\/logo\/image\/\",\"url\":\"https:\/\/zumaiamusikaeskola.eus\/wp-content\/uploads\/2023\/05\/Zumaia_Musika_Eskola-logoa_osoa-1.png\",\"contentUrl\":\"https:\/\/zumaiamusikaeskola.eus\/wp-content\/uploads\/2023\/05\/Zumaia_Musika_Eskola-logoa_osoa-1.png\",\"width\":703,\"height\":317,\"caption\":\"Zumaiako Musika Eskola\"},\"image\":{\"@id\":\"https:\/\/zumaiamusikaeskola.eus\/es\/#\/schema\/logo\/image\/\"}},{\"@type\":\"Person\",\"@id\":\"https:\/\/zumaiamusikaeskola.eus\/es\/#\/schema\/person\/deeee152a73494772b2a570fc4ee0e1b\",\"name\":\"txoritxiki\",\"image\":{\"@type\":\"ImageObject\",\"inLanguage\":\"es\",\"@id\":\"https:\/\/zumaiamusikaeskola.eus\/es\/#\/schema\/person\/image\/\",\"url\":\"https:\/\/secure.gravatar.com\/avatar\/4e77f43a17d5cc0cf287e4cfc72c8df8e8dbba7967ad72d52b33d85e458b48a0?s=96&d=mm&r=g\",\"contentUrl\":\"https:\/\/secure.gravatar.com\/avatar\/4e77f43a17d5cc0cf287e4cfc72c8df8e8dbba7967ad72d52b33d85e458b48a0?s=96&d=mm&r=g\",\"caption\":\"txoritxiki\"}}]}<\/script>\n<!-- \/ Yoast SEO plugin. -->","yoast_head_json":{"title":"Dantzari Txiki Eguna en Zumaia | Zumaiako Musika Eskola","robots":{"index":"index","follow":"follow","max-snippet":"max-snippet:-1","max-image-preview":"max-image-preview:large","max-video-preview":"max-video-preview:-1"},"canonical":"https:\/\/zumaiamusikaeskola.eus\/es\/noticias\/dantzari-txiki-eguna-en-zumaia\/","og_locale":"es_ES","og_type":"article","og_title":"Dantzari Txiki Eguna en Zumaia | Zumaiako Musika Eskola","og_description":"El pr\u00f3ximo domingo, 1 de junio, se celebrar\u00e1 el d\u00eda de Dantzari Txiki en Zumaia, y los-as alumnos-as de la Escuela de M\u00fasica y Danza van a participar en ese acto. El programa del d\u00eda ser\u00e1 el siguiente: A las 10:30, reuni\u00f3n de todos-as los-as dantzaris, en la Plaza Ondartxo. A las 11:00, kalejira de [&hellip;]","og_url":"https:\/\/zumaiamusikaeskola.eus\/es\/noticias\/dantzari-txiki-eguna-en-zumaia\/","og_site_name":"Zumaiako Musika Eskola","article_published_time":"2025-05-29T08:13:59+00:00","og_image":[{"width":1101,"height":845,"url":"https:\/\/zumaiamusikaeskola.eus\/wp-content\/uploads\/2024\/09\/dantzari_txiki_egunaEKA24.jpg","type":"image\/jpeg"}],"author":"txoritxiki","twitter_card":"summary_large_image","twitter_misc":{"Escrito por":"txoritxiki","Tiempo de lectura":"2 minutos"},"schema":{"@context":"https:\/\/schema.org","@graph":[{"@type":"Article","@id":"https:\/\/zumaiamusikaeskola.eus\/es\/noticias\/dantzari-txiki-eguna-en-zumaia\/#article","isPartOf":{"@id":"https:\/\/zumaiamusikaeskola.eus\/es\/noticias\/dantzari-txiki-eguna-en-zumaia\/"},"author":{"name":"txoritxiki","@id":"https:\/\/zumaiamusikaeskola.eus\/es\/#\/schema\/person\/deeee152a73494772b2a570fc4ee0e1b"},"headline":"Dantzari Txiki Eguna en Zumaia","datePublished":"2025-05-29T08:13:59+00:00","mainEntityOfPage":{"@id":"https:\/\/zumaiamusikaeskola.eus\/es\/noticias\/dantzari-txiki-eguna-en-zumaia\/"},"wordCount":162,"publisher":{"@id":"https:\/\/zumaiamusikaeskola.eus\/es\/#organization"},"image":{"@id":"https:\/\/zumaiamusikaeskola.eus\/es\/noticias\/dantzari-txiki-eguna-en-zumaia\/#primaryimage"},"thumbnailUrl":"https:\/\/zumaiamusikaeskola.eus\/wp-content\/uploads\/2024\/09\/dantzari_txiki_egunaEKA24.jpg","articleSection":["Noticias"],"inLanguage":"es"},{"@type":"WebPage","@id":"https:\/\/zumaiamusikaeskola.eus\/es\/noticias\/dantzari-txiki-eguna-en-zumaia\/","url":"https:\/\/zumaiamusikaeskola.eus\/es\/noticias\/dantzari-txiki-eguna-en-zumaia\/","name":"Dantzari Txiki Eguna en Zumaia | Zumaiako Musika Eskola","isPartOf":{"@id":"https:\/\/zumaiamusikaeskola.eus\/es\/#website"},"primaryImageOfPage":{"@id":"https:\/\/zumaiamusikaeskola.eus\/es\/noticias\/dantzari-txiki-eguna-en-zumaia\/#primaryimage"},"image":{"@id":"https:\/\/zumaiamusikaeskola.eus\/es\/noticias\/dantzari-txiki-eguna-en-zumaia\/#primaryimage"},"thumbnailUrl":"https:\/\/zumaiamusikaeskola.eus\/wp-content\/uploads\/2024\/09\/dantzari_txiki_egunaEKA24.jpg","datePublished":"2025-05-29T08:13:59+00:00","breadcrumb":{"@id":"https:\/\/zumaiamusikaeskola.eus\/es\/noticias\/dantzari-txiki-eguna-en-zumaia\/#breadcrumb"},"inLanguage":"es","potentialAction":[{"@type":"ReadAction","target":["https:\/\/zumaiamusikaeskola.eus\/es\/noticias\/dantzari-txiki-eguna-en-zumaia\/"]}]},{"@type":"ImageObject","inLanguage":"es","@id":"https:\/\/zumaiamusikaeskola.eus\/es\/noticias\/dantzari-txiki-eguna-en-zumaia\/#primaryimage","url":"https:\/\/zumaiamusikaeskola.eus\/wp-content\/uploads\/2024\/09\/dantzari_txiki_egunaEKA24.jpg","contentUrl":"https:\/\/zumaiamusikaeskola.eus\/wp-content\/uploads\/2024\/09\/dantzari_txiki_egunaEKA24.jpg","width":1101,"height":845,"caption":"Dantzari Txiki Eguna"},{"@type":"BreadcrumbList","@id":"https:\/\/zumaiamusikaeskola.eus\/es\/noticias\/dantzari-txiki-eguna-en-zumaia\/#breadcrumb","itemListElement":[{"@type":"ListItem","position":1,"name":"Home","item":"https:\/\/zumaiamusikaeskola.eus\/es\/"},{"@type":"ListItem","position":2,"name":"Dantzari Txiki Eguna en Zumaia"}]},{"@type":"WebSite","@id":"https:\/\/zumaiamusikaeskola.eus\/es\/#website","url":"https:\/\/zumaiamusikaeskola.eus\/es\/","name":"Zumaiako Musika Eskola","description":"Txori Txiki","publisher":{"@id":"https:\/\/zumaiamusikaeskola.eus\/es\/#organization"},"potentialAction":[{"@type":"SearchAction","target":{"@type":"EntryPoint","urlTemplate":"https:\/\/zumaiamusikaeskola.eus\/es\/?s={search_term_string}"},"query-input":{"@type":"PropertyValueSpecification","valueRequired":true,"valueName":"search_term_string"}}],"inLanguage":"es"},{"@type":"Organization","@id":"https:\/\/zumaiamusikaeskola.eus\/es\/#organization","name":"Zumaiako Musika Eskola","url":"https:\/\/zumaiamusikaeskola.eus\/es\/","logo":{"@type":"ImageObject","inLanguage":"es","@id":"https:\/\/zumaiamusikaeskola.eus\/es\/#\/schema\/logo\/image\/","url":"https:\/\/zumaiamusikaeskola.eus\/wp-content\/uploads\/2023\/05\/Zumaia_Musika_Eskola-logoa_osoa-1.png","contentUrl":"https:\/\/zumaiamusikaeskola.eus\/wp-content\/uploads\/2023\/05\/Zumaia_Musika_Eskola-logoa_osoa-1.png","width":703,"height":317,"caption":"Zumaiako Musika Eskola"},"image":{"@id":"https:\/\/zumaiamusikaeskola.eus\/es\/#\/schema\/logo\/image\/"}},{"@type":"Person","@id":"https:\/\/zumaiamusikaeskola.eus\/es\/#\/schema\/person\/deeee152a73494772b2a570fc4ee0e1b","name":"txoritxiki","image":{"@type":"ImageObject","inLanguage":"es","@id":"https:\/\/zumaiamusikaeskola.eus\/es\/#\/schema\/person\/image\/","url":"https:\/\/secure.gravatar.com\/avatar\/4e77f43a17d5cc0cf287e4cfc72c8df8e8dbba7967ad72d52b33d85e458b48a0?s=96&d=mm&r=g","contentUrl":"https:\/\/secure.gravatar.com\/avatar\/4e77f43a17d5cc0cf287e4cfc72c8df8e8dbba7967ad72d52b33d85e458b48a0?s=96&d=mm&r=g","caption":"txoritxiki"}}]}},"_links":{"self":[{"href":"https:\/\/zumaiamusikaeskola.eus\/es\/wp-json\/wp\/v2\/posts\/1192","targetHints":{"allow":["GET"]}}],"collection":[{"href":"https:\/\/zumaiamusikaeskola.eus\/es\/wp-json\/wp\/v2\/posts"}],"about":[{"href":"https:\/\/zumaiamusikaeskola.eus\/es\/wp-json\/wp\/v2\/types\/post"}],"author":[{"embeddable":true,"href":"https:\/\/zumaiamusikaeskola.eus\/es\/wp-json\/wp\/v2\/users\/4"}],"replies":[{"embeddable":true,"href":"https:\/\/zumaiamusikaeskola.eus\/es\/wp-json\/wp\/v2\/comments?post=1192"}],"version-history":[{"count":1,"href":"https:\/\/zumaiamusikaeskola.eus\/es\/wp-json\/wp\/v2\/posts\/1192\/revisions"}],"predecessor-version":[{"id":1193,"href":"https:\/\/zumaiamusikaeskola.eus\/es\/wp-json\/wp\/v2\/posts\/1192\/revisions\/1193"}],"wp:featuredmedia":[{"embeddable":true,"href":"https:\/\/zumaiamusikaeskola.eus\/es\/wp-json\/wp\/v2\/media\/958"}],"wp:attachment":[{"href":"https:\/\/zumaiamusikaeskola.eus\/es\/wp-json\/wp\/v2\/media?parent=1192"}],"wp:term":[{"taxonomy":"category","embeddable":true,"href":"https:\/\/zumaiamusikaeskola.eus\/es\/wp-json\/wp\/v2\/categories?post=1192"},{"taxonomy":"post_tag","embeddable":true,"href":"https:\/\/zumaiamusikaeskola.eus\/es\/wp-json\/wp\/v2\/tags?post=1192"}],"curies":[{"name":"wp","href":"https:\/\/api.w.org\/{rel}","templated":true}]}}