{"id":1364,"date":"2025-12-04T14:40:29","date_gmt":"2025-12-04T13:40:29","guid":{"rendered":"https:\/\/zumaiamusikaeskola.eus\/?p=1364"},"modified":"2025-12-04T16:14:02","modified_gmt":"2025-12-04T15:14:02","slug":"solidaridad-con-el-pueblo-de-palestina","status":"publish","type":"post","link":"https:\/\/zumaiamusikaeskola.eus\/es\/noticias\/solidaridad-con-el-pueblo-de-palestina\/","title":{"rendered":"Solidaridad con el pueblo de Palestina"},"content":{"rendered":"<p>El pasado 15 de octubre, la comunidad de la Escuela de M\u00fasica, Danza y Teatro de Zumaia realiz\u00f3 una huelga en solidaridad con el pueblo de Palestina.<\/p>\n<p>Como consecuencia de la huelga, se aplicaron deducciones en los salarios de los trabajadores; cuyo importe final fue de 758,48 euros. Este importe se ha destinado, mediante una <strong>aportaci\u00f3n econ\u00f3mica, a la asociaci\u00f3n Gernika-Palestina.<\/strong><\/p>\n<p>Genozidioa gelditu!<\/p>\n","protected":false},"excerpt":{"rendered":"<p>El pasado 15 de octubre, la comunidad de la Escuela de M\u00fasica, Danza y Teatro de Zumaia realiz\u00f3 una huelga en solidaridad con el pueblo de Palestina. Como consecuencia de la huelga, se aplicaron deducciones en los salarios de los trabajadores; cuyo importe final fue de 758,48 euros. Este importe se ha destinado, mediante una [&hellip;]<\/p>\n","protected":false},"author":4,"featured_media":1365,"comment_status":"closed","ping_status":"closed","sticky":false,"template":"","format":"standard","meta":{"_acf_changed":false,"footnotes":""},"categories":[6],"tags":[],"class_list":["post-1364","post","type-post","status-publish","format-standard","has-post-thumbnail","hentry","category-noticias"],"acf":[],"yoast_head":"<!-- This site is optimized with the Yoast SEO plugin v26.2 - https:\/\/yoast.com\/wordpress\/plugins\/seo\/ -->\n<title>Solidaridad con el pueblo de Palestina | Zumaiako Musika Eskola<\/title>\n<meta name=\"robots\" content=\"index, follow, max-snippet:-1, max-image-preview:large, max-video-preview:-1\" \/>\n<link rel=\"canonical\" href=\"https:\/\/zumaiamusikaeskola.eus\/es\/noticias\/solidaridad-con-el-pueblo-de-palestina\/\" \/>\n<meta property=\"og:locale\" content=\"es_ES\" \/>\n<meta property=\"og:type\" content=\"article\" \/>\n<meta property=\"og:title\" content=\"Solidaridad con el pueblo de Palestina | Zumaiako Musika Eskola\" \/>\n<meta property=\"og:description\" content=\"El pasado 15 de octubre, la comunidad de la Escuela de M\u00fasica, Danza y Teatro de Zumaia realiz\u00f3 una huelga en solidaridad con el pueblo de Palestina. Como consecuencia de la huelga, se aplicaron deducciones en los salarios de los trabajadores; cuyo importe final fue de 758,48 euros. Este importe se ha destinado, mediante una [&hellip;]\" \/>\n<meta property=\"og:url\" content=\"https:\/\/zumaiamusikaeskola.eus\/es\/noticias\/solidaridad-con-el-pueblo-de-palestina\/\" \/>\n<meta property=\"og:site_name\" content=\"Zumaiako Musika Eskola\" \/>\n<meta property=\"article:published_time\" content=\"2025-12-04T13:40:29+00:00\" \/>\n<meta property=\"article:modified_time\" content=\"2025-12-04T15:14:02+00:00\" \/>\n<meta name=\"author\" content=\"txoritxiki\" \/>\n<meta name=\"twitter:card\" content=\"summary_large_image\" \/>\n<meta name=\"twitter:label1\" content=\"Escrito por\" \/>\n\t<meta name=\"twitter:data1\" content=\"txoritxiki\" \/>\n\t<meta name=\"twitter:label2\" content=\"Tiempo de lectura\" \/>\n\t<meta name=\"twitter:data2\" content=\"1 minuto\" \/>\n<script type=\"application\/ld+json\" class=\"yoast-schema-graph\">{\"@context\":\"https:\/\/schema.org\",\"@graph\":[{\"@type\":\"Article\",\"@id\":\"https:\/\/zumaiamusikaeskola.eus\/es\/noticias\/solidaridad-con-el-pueblo-de-palestina\/#article\",\"isPartOf\":{\"@id\":\"https:\/\/zumaiamusikaeskola.eus\/es\/noticias\/solidaridad-con-el-pueblo-de-palestina\/\"},\"author\":{\"name\":\"txoritxiki\",\"@id\":\"https:\/\/zumaiamusikaeskola.eus\/es\/#\/schema\/person\/deeee152a73494772b2a570fc4ee0e1b\"},\"headline\":\"Solidaridad con el pueblo de Palestina\",\"datePublished\":\"2025-12-04T13:40:29+00:00\",\"dateModified\":\"2025-12-04T15:14:02+00:00\",\"mainEntityOfPage\":{\"@id\":\"https:\/\/zumaiamusikaeskola.eus\/es\/noticias\/solidaridad-con-el-pueblo-de-palestina\/\"},\"wordCount\":71,\"publisher\":{\"@id\":\"https:\/\/zumaiamusikaeskola.eus\/es\/#organization\"},\"image\":{\"@id\":\"https:\/\/zumaiamusikaeskola.eus\/es\/noticias\/solidaridad-con-el-pueblo-de-palestina\/#primaryimage\"},\"thumbnailUrl\":\"https:\/\/zumaiamusikaeskola.eus\/wp-content\/uploads\/2025\/12\/Palestina_A3-1-pdf.jpg\",\"articleSection\":[\"Noticias\"],\"inLanguage\":\"es\"},{\"@type\":\"WebPage\",\"@id\":\"https:\/\/zumaiamusikaeskola.eus\/es\/noticias\/solidaridad-con-el-pueblo-de-palestina\/\",\"url\":\"https:\/\/zumaiamusikaeskola.eus\/es\/noticias\/solidaridad-con-el-pueblo-de-palestina\/\",\"name\":\"Solidaridad con el pueblo de Palestina | Zumaiako Musika Eskola\",\"isPartOf\":{\"@id\":\"https:\/\/zumaiamusikaeskola.eus\/es\/#website\"},\"primaryImageOfPage\":{\"@id\":\"https:\/\/zumaiamusikaeskola.eus\/es\/noticias\/solidaridad-con-el-pueblo-de-palestina\/#primaryimage\"},\"image\":{\"@id\":\"https:\/\/zumaiamusikaeskola.eus\/es\/noticias\/solidaridad-con-el-pueblo-de-palestina\/#primaryimage\"},\"thumbnailUrl\":\"https:\/\/zumaiamusikaeskola.eus\/wp-content\/uploads\/2025\/12\/Palestina_A3-1-pdf.jpg\",\"datePublished\":\"2025-12-04T13:40:29+00:00\",\"dateModified\":\"2025-12-04T15:14:02+00:00\",\"breadcrumb\":{\"@id\":\"https:\/\/zumaiamusikaeskola.eus\/es\/noticias\/solidaridad-con-el-pueblo-de-palestina\/#breadcrumb\"},\"inLanguage\":\"es\",\"potentialAction\":[{\"@type\":\"ReadAction\",\"target\":[\"https:\/\/zumaiamusikaeskola.eus\/es\/noticias\/solidaridad-con-el-pueblo-de-palestina\/\"]}]},{\"@type\":\"ImageObject\",\"inLanguage\":\"es\",\"@id\":\"https:\/\/zumaiamusikaeskola.eus\/es\/noticias\/solidaridad-con-el-pueblo-de-palestina\/#primaryimage\",\"url\":\"https:\/\/zumaiamusikaeskola.eus\/wp-content\/uploads\/2025\/12\/Palestina_A3-1-pdf.jpg\",\"contentUrl\":\"https:\/\/zumaiamusikaeskola.eus\/wp-content\/uploads\/2025\/12\/Palestina_A3-1-pdf.jpg\"},{\"@type\":\"BreadcrumbList\",\"@id\":\"https:\/\/zumaiamusikaeskola.eus\/es\/noticias\/solidaridad-con-el-pueblo-de-palestina\/#breadcrumb\",\"itemListElement\":[{\"@type\":\"ListItem\",\"position\":1,\"name\":\"Home\",\"item\":\"https:\/\/zumaiamusikaeskola.eus\/es\/\"},{\"@type\":\"ListItem\",\"position\":2,\"name\":\"Solidaridad con el pueblo de Palestina\"}]},{\"@type\":\"WebSite\",\"@id\":\"https:\/\/zumaiamusikaeskola.eus\/es\/#website\",\"url\":\"https:\/\/zumaiamusikaeskola.eus\/es\/\",\"name\":\"Zumaiako Musika Eskola\",\"description\":\"Txori Txiki\",\"publisher\":{\"@id\":\"https:\/\/zumaiamusikaeskola.eus\/es\/#organization\"},\"potentialAction\":[{\"@type\":\"SearchAction\",\"target\":{\"@type\":\"EntryPoint\",\"urlTemplate\":\"https:\/\/zumaiamusikaeskola.eus\/es\/?s={search_term_string}\"},\"query-input\":{\"@type\":\"PropertyValueSpecification\",\"valueRequired\":true,\"valueName\":\"search_term_string\"}}],\"inLanguage\":\"es\"},{\"@type\":\"Organization\",\"@id\":\"https:\/\/zumaiamusikaeskola.eus\/es\/#organization\",\"name\":\"Zumaiako Musika Eskola\",\"url\":\"https:\/\/zumaiamusikaeskola.eus\/es\/\",\"logo\":{\"@type\":\"ImageObject\",\"inLanguage\":\"es\",\"@id\":\"https:\/\/zumaiamusikaeskola.eus\/es\/#\/schema\/logo\/image\/\",\"url\":\"https:\/\/zumaiamusikaeskola.eus\/wp-content\/uploads\/2023\/05\/Zumaia_Musika_Eskola-logoa_osoa-1.png\",\"contentUrl\":\"https:\/\/zumaiamusikaeskola.eus\/wp-content\/uploads\/2023\/05\/Zumaia_Musika_Eskola-logoa_osoa-1.png\",\"width\":703,\"height\":317,\"caption\":\"Zumaiako Musika Eskola\"},\"image\":{\"@id\":\"https:\/\/zumaiamusikaeskola.eus\/es\/#\/schema\/logo\/image\/\"}},{\"@type\":\"Person\",\"@id\":\"https:\/\/zumaiamusikaeskola.eus\/es\/#\/schema\/person\/deeee152a73494772b2a570fc4ee0e1b\",\"name\":\"txoritxiki\",\"image\":{\"@type\":\"ImageObject\",\"inLanguage\":\"es\",\"@id\":\"https:\/\/zumaiamusikaeskola.eus\/es\/#\/schema\/person\/image\/\",\"url\":\"https:\/\/secure.gravatar.com\/avatar\/4e77f43a17d5cc0cf287e4cfc72c8df8e8dbba7967ad72d52b33d85e458b48a0?s=96&d=mm&r=g\",\"contentUrl\":\"https:\/\/secure.gravatar.com\/avatar\/4e77f43a17d5cc0cf287e4cfc72c8df8e8dbba7967ad72d52b33d85e458b48a0?s=96&d=mm&r=g\",\"caption\":\"txoritxiki\"}}]}<\/script>\n<!-- \/ Yoast SEO plugin. -->","yoast_head_json":{"title":"Solidaridad con el pueblo de Palestina | Zumaiako Musika Eskola","robots":{"index":"index","follow":"follow","max-snippet":"max-snippet:-1","max-image-preview":"max-image-preview:large","max-video-preview":"max-video-preview:-1"},"canonical":"https:\/\/zumaiamusikaeskola.eus\/es\/noticias\/solidaridad-con-el-pueblo-de-palestina\/","og_locale":"es_ES","og_type":"article","og_title":"Solidaridad con el pueblo de Palestina | Zumaiako Musika Eskola","og_description":"El pasado 15 de octubre, la comunidad de la Escuela de M\u00fasica, Danza y Teatro de Zumaia realiz\u00f3 una huelga en solidaridad con el pueblo de Palestina. Como consecuencia de la huelga, se aplicaron deducciones en los salarios de los trabajadores; cuyo importe final fue de 758,48 euros. Este importe se ha destinado, mediante una [&hellip;]","og_url":"https:\/\/zumaiamusikaeskola.eus\/es\/noticias\/solidaridad-con-el-pueblo-de-palestina\/","og_site_name":"Zumaiako Musika Eskola","article_published_time":"2025-12-04T13:40:29+00:00","article_modified_time":"2025-12-04T15:14:02+00:00","author":"txoritxiki","twitter_card":"summary_large_image","twitter_misc":{"Escrito por":"txoritxiki","Tiempo de lectura":"1 minuto"},"schema":{"@context":"https:\/\/schema.org","@graph":[{"@type":"Article","@id":"https:\/\/zumaiamusikaeskola.eus\/es\/noticias\/solidaridad-con-el-pueblo-de-palestina\/#article","isPartOf":{"@id":"https:\/\/zumaiamusikaeskola.eus\/es\/noticias\/solidaridad-con-el-pueblo-de-palestina\/"},"author":{"name":"txoritxiki","@id":"https:\/\/zumaiamusikaeskola.eus\/es\/#\/schema\/person\/deeee152a73494772b2a570fc4ee0e1b"},"headline":"Solidaridad con el pueblo de Palestina","datePublished":"2025-12-04T13:40:29+00:00","dateModified":"2025-12-04T15:14:02+00:00","mainEntityOfPage":{"@id":"https:\/\/zumaiamusikaeskola.eus\/es\/noticias\/solidaridad-con-el-pueblo-de-palestina\/"},"wordCount":71,"publisher":{"@id":"https:\/\/zumaiamusikaeskola.eus\/es\/#organization"},"image":{"@id":"https:\/\/zumaiamusikaeskola.eus\/es\/noticias\/solidaridad-con-el-pueblo-de-palestina\/#primaryimage"},"thumbnailUrl":"https:\/\/zumaiamusikaeskola.eus\/wp-content\/uploads\/2025\/12\/Palestina_A3-1-pdf.jpg","articleSection":["Noticias"],"inLanguage":"es"},{"@type":"WebPage","@id":"https:\/\/zumaiamusikaeskola.eus\/es\/noticias\/solidaridad-con-el-pueblo-de-palestina\/","url":"https:\/\/zumaiamusikaeskola.eus\/es\/noticias\/solidaridad-con-el-pueblo-de-palestina\/","name":"Solidaridad con el pueblo de Palestina | Zumaiako Musika Eskola","isPartOf":{"@id":"https:\/\/zumaiamusikaeskola.eus\/es\/#website"},"primaryImageOfPage":{"@id":"https:\/\/zumaiamusikaeskola.eus\/es\/noticias\/solidaridad-con-el-pueblo-de-palestina\/#primaryimage"},"image":{"@id":"https:\/\/zumaiamusikaeskola.eus\/es\/noticias\/solidaridad-con-el-pueblo-de-palestina\/#primaryimage"},"thumbnailUrl":"https:\/\/zumaiamusikaeskola.eus\/wp-content\/uploads\/2025\/12\/Palestina_A3-1-pdf.jpg","datePublished":"2025-12-04T13:40:29+00:00","dateModified":"2025-12-04T15:14:02+00:00","breadcrumb":{"@id":"https:\/\/zumaiamusikaeskola.eus\/es\/noticias\/solidaridad-con-el-pueblo-de-palestina\/#breadcrumb"},"inLanguage":"es","potentialAction":[{"@type":"ReadAction","target":["https:\/\/zumaiamusikaeskola.eus\/es\/noticias\/solidaridad-con-el-pueblo-de-palestina\/"]}]},{"@type":"ImageObject","inLanguage":"es","@id":"https:\/\/zumaiamusikaeskola.eus\/es\/noticias\/solidaridad-con-el-pueblo-de-palestina\/#primaryimage","url":"https:\/\/zumaiamusikaeskola.eus\/wp-content\/uploads\/2025\/12\/Palestina_A3-1-pdf.jpg","contentUrl":"https:\/\/zumaiamusikaeskola.eus\/wp-content\/uploads\/2025\/12\/Palestina_A3-1-pdf.jpg"},{"@type":"BreadcrumbList","@id":"https:\/\/zumaiamusikaeskola.eus\/es\/noticias\/solidaridad-con-el-pueblo-de-palestina\/#breadcrumb","itemListElement":[{"@type":"ListItem","position":1,"name":"Home","item":"https:\/\/zumaiamusikaeskola.eus\/es\/"},{"@type":"ListItem","position":2,"name":"Solidaridad con el pueblo de Palestina"}]},{"@type":"WebSite","@id":"https:\/\/zumaiamusikaeskola.eus\/es\/#website","url":"https:\/\/zumaiamusikaeskola.eus\/es\/","name":"Zumaiako Musika Eskola","description":"Txori Txiki","publisher":{"@id":"https:\/\/zumaiamusikaeskola.eus\/es\/#organization"},"potentialAction":[{"@type":"SearchAction","target":{"@type":"EntryPoint","urlTemplate":"https:\/\/zumaiamusikaeskola.eus\/es\/?s={search_term_string}"},"query-input":{"@type":"PropertyValueSpecification","valueRequired":true,"valueName":"search_term_string"}}],"inLanguage":"es"},{"@type":"Organization","@id":"https:\/\/zumaiamusikaeskola.eus\/es\/#organization","name":"Zumaiako Musika Eskola","url":"https:\/\/zumaiamusikaeskola.eus\/es\/","logo":{"@type":"ImageObject","inLanguage":"es","@id":"https:\/\/zumaiamusikaeskola.eus\/es\/#\/schema\/logo\/image\/","url":"https:\/\/zumaiamusikaeskola.eus\/wp-content\/uploads\/2023\/05\/Zumaia_Musika_Eskola-logoa_osoa-1.png","contentUrl":"https:\/\/zumaiamusikaeskola.eus\/wp-content\/uploads\/2023\/05\/Zumaia_Musika_Eskola-logoa_osoa-1.png","width":703,"height":317,"caption":"Zumaiako Musika Eskola"},"image":{"@id":"https:\/\/zumaiamusikaeskola.eus\/es\/#\/schema\/logo\/image\/"}},{"@type":"Person","@id":"https:\/\/zumaiamusikaeskola.eus\/es\/#\/schema\/person\/deeee152a73494772b2a570fc4ee0e1b","name":"txoritxiki","image":{"@type":"ImageObject","inLanguage":"es","@id":"https:\/\/zumaiamusikaeskola.eus\/es\/#\/schema\/person\/image\/","url":"https:\/\/secure.gravatar.com\/avatar\/4e77f43a17d5cc0cf287e4cfc72c8df8e8dbba7967ad72d52b33d85e458b48a0?s=96&d=mm&r=g","contentUrl":"https:\/\/secure.gravatar.com\/avatar\/4e77f43a17d5cc0cf287e4cfc72c8df8e8dbba7967ad72d52b33d85e458b48a0?s=96&d=mm&r=g","caption":"txoritxiki"}}]}},"_links":{"self":[{"href":"https:\/\/zumaiamusikaeskola.eus\/es\/wp-json\/wp\/v2\/posts\/1364","targetHints":{"allow":["GET"]}}],"collection":[{"href":"https:\/\/zumaiamusikaeskola.eus\/es\/wp-json\/wp\/v2\/posts"}],"about":[{"href":"https:\/\/zumaiamusikaeskola.eus\/es\/wp-json\/wp\/v2\/types\/post"}],"author":[{"embeddable":true,"href":"https:\/\/zumaiamusikaeskola.eus\/es\/wp-json\/wp\/v2\/users\/4"}],"replies":[{"embeddable":true,"href":"https:\/\/zumaiamusikaeskola.eus\/es\/wp-json\/wp\/v2\/comments?post=1364"}],"version-history":[{"count":4,"href":"https:\/\/zumaiamusikaeskola.eus\/es\/wp-json\/wp\/v2\/posts\/1364\/revisions"}],"predecessor-version":[{"id":1370,"href":"https:\/\/zumaiamusikaeskola.eus\/es\/wp-json\/wp\/v2\/posts\/1364\/revisions\/1370"}],"wp:featuredmedia":[{"embeddable":true,"href":"https:\/\/zumaiamusikaeskola.eus\/es\/wp-json\/wp\/v2\/media\/1365"}],"wp:attachment":[{"href":"https:\/\/zumaiamusikaeskola.eus\/es\/wp-json\/wp\/v2\/media?parent=1364"}],"wp:term":[{"taxonomy":"category","embeddable":true,"href":"https:\/\/zumaiamusikaeskola.eus\/es\/wp-json\/wp\/v2\/categories?post=1364"},{"taxonomy":"post_tag","embeddable":true,"href":"https:\/\/zumaiamusikaeskola.eus\/es\/wp-json\/wp\/v2\/tags?post=1364"}],"curies":[{"name":"wp","href":"https:\/\/api.w.org\/{rel}","templated":true}]}}