{"id":698,"date":"2024-03-13T12:19:24","date_gmt":"2024-03-13T11:19:24","guid":{"rendered":"https:\/\/zumaiamusikaeskola.eus\/noticias\/dantzari-txiki-eguna-lesakan\/"},"modified":"2024-04-02T10:25:00","modified_gmt":"2024-04-02T08:25:00","slug":"dantzari-txiki-eguna-lesakan","status":"publish","type":"post","link":"https:\/\/zumaiamusikaeskola.eus\/es\/noticias\/dantzari-txiki-eguna-lesakan\/","title":{"rendered":"DANTZARI TXIKI EGUNA LESAKAN"},"content":{"rendered":"<p>Hola a tod@s!<\/p>\n<p>El pr\u00f3ximo s\u00e1bado, 16 de marzo, se celebrar\u00e1 el d\u00eda de Dantzari Txiki en Lesaka, y l@s alumn@s de la <strong><a href=\"https:\/\/zumaiamusikaeskola.eus\/es\/oferta-educativa\/#danza\">Escuela de M\u00fasica y Danza<\/a><\/strong> van a participar en este acto.<\/p>\n<h2>El programa del d\u00eda ser\u00e1 el siguiente:<\/h2>\n<p>\u00b7 A las 11:00, kalejira de los grupos por las calles de Lesaka.<br \/>\n\u00b7 A las 12:15, \u00abZubigainekoa\u00bb. A continuaci\u00f3n, todos los grupos se juntar\u00e1n en la plaza y ofrecer\u00e1n la actuaci\u00f3n de danza.<br \/>\n\u00b7 A las 14:00, l@s dantzaris ir\u00e1n a comer.<br \/>\n\u00b7 A las 17:00, kalejira Jira Bira desde la plaza.<\/p>\n","protected":false},"excerpt":{"rendered":"<p>Hola a tod@s! El pr\u00f3ximo s\u00e1bado, 16 de marzo, se celebrar\u00e1 el d\u00eda de Dantzari Txiki en Lesaka, y l@s alumn@s de la Escuela de M\u00fasica y Danza van a participar en este acto. El programa del d\u00eda ser\u00e1 el siguiente: \u00b7 A las 11:00, kalejira de los grupos por las calles de Lesaka. \u00b7 [&hellip;]<\/p>\n","protected":false},"author":4,"featured_media":696,"comment_status":"closed","ping_status":"closed","sticky":false,"template":"","format":"standard","meta":{"_acf_changed":false,"footnotes":""},"categories":[6],"tags":[],"class_list":["post-698","post","type-post","status-publish","format-standard","has-post-thumbnail","hentry","category-noticias"],"acf":[],"yoast_head":"<!-- This site is optimized with the Yoast SEO plugin v26.2 - https:\/\/yoast.com\/wordpress\/plugins\/seo\/ -->\n<title>DANTZARI TXIKI EGUNA LESAKAN | Zumaiako Musika Eskola<\/title>\n<meta name=\"description\" content=\"Nos complace anunciar que los alumnos de la Escuela de M\u00fasica y Danza participar\u00e1n en la celebraci\u00f3n del d\u00eda de Dantzari Txiki este s\u00e1bado, 16 de marzo, en Lesaka.\" \/>\n<meta name=\"robots\" content=\"index, follow, max-snippet:-1, max-image-preview:large, max-video-preview:-1\" \/>\n<link rel=\"canonical\" href=\"https:\/\/zumaiamusikaeskola.eus\/es\/noticias\/dantzari-txiki-eguna-lesakan\/\" \/>\n<meta property=\"og:locale\" content=\"es_ES\" \/>\n<meta property=\"og:type\" content=\"article\" \/>\n<meta property=\"og:title\" content=\"DANTZARI TXIKI EGUNA LESAKAN | Zumaiako Musika Eskola\" \/>\n<meta property=\"og:description\" content=\"Nos complace anunciar que los alumnos de la Escuela de M\u00fasica y Danza participar\u00e1n en la celebraci\u00f3n del d\u00eda de Dantzari Txiki este s\u00e1bado, 16 de marzo, en Lesaka.\" \/>\n<meta property=\"og:url\" content=\"https:\/\/zumaiamusikaeskola.eus\/es\/noticias\/dantzari-txiki-eguna-lesakan\/\" \/>\n<meta property=\"og:site_name\" content=\"Zumaiako Musika Eskola\" \/>\n<meta property=\"article:published_time\" content=\"2024-03-13T11:19:24+00:00\" \/>\n<meta property=\"article:modified_time\" content=\"2024-04-02T08:25:00+00:00\" \/>\n<meta property=\"og:image\" content=\"https:\/\/zumaiamusikaeskola.eus\/wp-content\/uploads\/2024\/03\/DANTZARI-TXIKI-LESAKA-2023.jpg\" \/>\n\t<meta property=\"og:image:width\" content=\"1600\" \/>\n\t<meta property=\"og:image:height\" content=\"1066\" \/>\n\t<meta property=\"og:image:type\" content=\"image\/jpeg\" \/>\n<meta name=\"author\" content=\"txoritxiki\" \/>\n<meta name=\"twitter:card\" content=\"summary_large_image\" \/>\n<meta name=\"twitter:label1\" content=\"Escrito por\" \/>\n\t<meta name=\"twitter:data1\" content=\"txoritxiki\" \/>\n\t<meta name=\"twitter:label2\" content=\"Tiempo de lectura\" \/>\n\t<meta name=\"twitter:data2\" content=\"1 minuto\" \/>\n<script type=\"application\/ld+json\" class=\"yoast-schema-graph\">{\"@context\":\"https:\/\/schema.org\",\"@graph\":[{\"@type\":\"Article\",\"@id\":\"https:\/\/zumaiamusikaeskola.eus\/es\/noticias\/dantzari-txiki-eguna-lesakan\/#article\",\"isPartOf\":{\"@id\":\"https:\/\/zumaiamusikaeskola.eus\/es\/noticias\/dantzari-txiki-eguna-lesakan\/\"},\"author\":{\"name\":\"txoritxiki\",\"@id\":\"https:\/\/zumaiamusikaeskola.eus\/es\/#\/schema\/person\/deeee152a73494772b2a570fc4ee0e1b\"},\"headline\":\"DANTZARI TXIKI EGUNA LESAKAN\",\"datePublished\":\"2024-03-13T11:19:24+00:00\",\"dateModified\":\"2024-04-02T08:25:00+00:00\",\"mainEntityOfPage\":{\"@id\":\"https:\/\/zumaiamusikaeskola.eus\/es\/noticias\/dantzari-txiki-eguna-lesakan\/\"},\"wordCount\":103,\"publisher\":{\"@id\":\"https:\/\/zumaiamusikaeskola.eus\/es\/#organization\"},\"image\":{\"@id\":\"https:\/\/zumaiamusikaeskola.eus\/es\/noticias\/dantzari-txiki-eguna-lesakan\/#primaryimage\"},\"thumbnailUrl\":\"https:\/\/zumaiamusikaeskola.eus\/wp-content\/uploads\/2024\/03\/DANTZARI-TXIKI-LESAKA-2023.jpg\",\"articleSection\":[\"Noticias\"],\"inLanguage\":\"es\"},{\"@type\":\"WebPage\",\"@id\":\"https:\/\/zumaiamusikaeskola.eus\/es\/noticias\/dantzari-txiki-eguna-lesakan\/\",\"url\":\"https:\/\/zumaiamusikaeskola.eus\/es\/noticias\/dantzari-txiki-eguna-lesakan\/\",\"name\":\"DANTZARI TXIKI EGUNA LESAKAN | Zumaiako Musika Eskola\",\"isPartOf\":{\"@id\":\"https:\/\/zumaiamusikaeskola.eus\/es\/#website\"},\"primaryImageOfPage\":{\"@id\":\"https:\/\/zumaiamusikaeskola.eus\/es\/noticias\/dantzari-txiki-eguna-lesakan\/#primaryimage\"},\"image\":{\"@id\":\"https:\/\/zumaiamusikaeskola.eus\/es\/noticias\/dantzari-txiki-eguna-lesakan\/#primaryimage\"},\"thumbnailUrl\":\"https:\/\/zumaiamusikaeskola.eus\/wp-content\/uploads\/2024\/03\/DANTZARI-TXIKI-LESAKA-2023.jpg\",\"datePublished\":\"2024-03-13T11:19:24+00:00\",\"dateModified\":\"2024-04-02T08:25:00+00:00\",\"description\":\"Nos complace anunciar que los alumnos de la Escuela de M\u00fasica y Danza participar\u00e1n en la celebraci\u00f3n del d\u00eda de Dantzari Txiki este s\u00e1bado, 16 de marzo, en Lesaka.\",\"breadcrumb\":{\"@id\":\"https:\/\/zumaiamusikaeskola.eus\/es\/noticias\/dantzari-txiki-eguna-lesakan\/#breadcrumb\"},\"inLanguage\":\"es\",\"potentialAction\":[{\"@type\":\"ReadAction\",\"target\":[\"https:\/\/zumaiamusikaeskola.eus\/es\/noticias\/dantzari-txiki-eguna-lesakan\/\"]}]},{\"@type\":\"ImageObject\",\"inLanguage\":\"es\",\"@id\":\"https:\/\/zumaiamusikaeskola.eus\/es\/noticias\/dantzari-txiki-eguna-lesakan\/#primaryimage\",\"url\":\"https:\/\/zumaiamusikaeskola.eus\/wp-content\/uploads\/2024\/03\/DANTZARI-TXIKI-LESAKA-2023.jpg\",\"contentUrl\":\"https:\/\/zumaiamusikaeskola.eus\/wp-content\/uploads\/2024\/03\/DANTZARI-TXIKI-LESAKA-2023.jpg\",\"width\":1600,\"height\":1066,\"caption\":\"DANTZARI TXIKI LESAKA 2023\"},{\"@type\":\"BreadcrumbList\",\"@id\":\"https:\/\/zumaiamusikaeskola.eus\/es\/noticias\/dantzari-txiki-eguna-lesakan\/#breadcrumb\",\"itemListElement\":[{\"@type\":\"ListItem\",\"position\":1,\"name\":\"Home\",\"item\":\"https:\/\/zumaiamusikaeskola.eus\/es\/\"},{\"@type\":\"ListItem\",\"position\":2,\"name\":\"DANTZARI TXIKI EGUNA LESAKAN\"}]},{\"@type\":\"WebSite\",\"@id\":\"https:\/\/zumaiamusikaeskola.eus\/es\/#website\",\"url\":\"https:\/\/zumaiamusikaeskola.eus\/es\/\",\"name\":\"Zumaiako Musika Eskola\",\"description\":\"Txori Txiki\",\"publisher\":{\"@id\":\"https:\/\/zumaiamusikaeskola.eus\/es\/#organization\"},\"potentialAction\":[{\"@type\":\"SearchAction\",\"target\":{\"@type\":\"EntryPoint\",\"urlTemplate\":\"https:\/\/zumaiamusikaeskola.eus\/es\/?s={search_term_string}\"},\"query-input\":{\"@type\":\"PropertyValueSpecification\",\"valueRequired\":true,\"valueName\":\"search_term_string\"}}],\"inLanguage\":\"es\"},{\"@type\":\"Organization\",\"@id\":\"https:\/\/zumaiamusikaeskola.eus\/es\/#organization\",\"name\":\"Zumaiako Musika Eskola\",\"url\":\"https:\/\/zumaiamusikaeskola.eus\/es\/\",\"logo\":{\"@type\":\"ImageObject\",\"inLanguage\":\"es\",\"@id\":\"https:\/\/zumaiamusikaeskola.eus\/es\/#\/schema\/logo\/image\/\",\"url\":\"https:\/\/zumaiamusikaeskola.eus\/wp-content\/uploads\/2023\/05\/Zumaia_Musika_Eskola-logoa_osoa-1.png\",\"contentUrl\":\"https:\/\/zumaiamusikaeskola.eus\/wp-content\/uploads\/2023\/05\/Zumaia_Musika_Eskola-logoa_osoa-1.png\",\"width\":703,\"height\":317,\"caption\":\"Zumaiako Musika Eskola\"},\"image\":{\"@id\":\"https:\/\/zumaiamusikaeskola.eus\/es\/#\/schema\/logo\/image\/\"}},{\"@type\":\"Person\",\"@id\":\"https:\/\/zumaiamusikaeskola.eus\/es\/#\/schema\/person\/deeee152a73494772b2a570fc4ee0e1b\",\"name\":\"txoritxiki\",\"image\":{\"@type\":\"ImageObject\",\"inLanguage\":\"es\",\"@id\":\"https:\/\/zumaiamusikaeskola.eus\/es\/#\/schema\/person\/image\/\",\"url\":\"https:\/\/secure.gravatar.com\/avatar\/4e77f43a17d5cc0cf287e4cfc72c8df8e8dbba7967ad72d52b33d85e458b48a0?s=96&d=mm&r=g\",\"contentUrl\":\"https:\/\/secure.gravatar.com\/avatar\/4e77f43a17d5cc0cf287e4cfc72c8df8e8dbba7967ad72d52b33d85e458b48a0?s=96&d=mm&r=g\",\"caption\":\"txoritxiki\"}}]}<\/script>\n<!-- \/ Yoast SEO plugin. -->","yoast_head_json":{"title":"DANTZARI TXIKI EGUNA LESAKAN | Zumaiako Musika Eskola","description":"Nos complace anunciar que los alumnos de la Escuela de M\u00fasica y Danza participar\u00e1n en la celebraci\u00f3n del d\u00eda de Dantzari Txiki este s\u00e1bado, 16 de marzo, en Lesaka.","robots":{"index":"index","follow":"follow","max-snippet":"max-snippet:-1","max-image-preview":"max-image-preview:large","max-video-preview":"max-video-preview:-1"},"canonical":"https:\/\/zumaiamusikaeskola.eus\/es\/noticias\/dantzari-txiki-eguna-lesakan\/","og_locale":"es_ES","og_type":"article","og_title":"DANTZARI TXIKI EGUNA LESAKAN | Zumaiako Musika Eskola","og_description":"Nos complace anunciar que los alumnos de la Escuela de M\u00fasica y Danza participar\u00e1n en la celebraci\u00f3n del d\u00eda de Dantzari Txiki este s\u00e1bado, 16 de marzo, en Lesaka.","og_url":"https:\/\/zumaiamusikaeskola.eus\/es\/noticias\/dantzari-txiki-eguna-lesakan\/","og_site_name":"Zumaiako Musika Eskola","article_published_time":"2024-03-13T11:19:24+00:00","article_modified_time":"2024-04-02T08:25:00+00:00","og_image":[{"width":1600,"height":1066,"url":"https:\/\/zumaiamusikaeskola.eus\/wp-content\/uploads\/2024\/03\/DANTZARI-TXIKI-LESAKA-2023.jpg","type":"image\/jpeg"}],"author":"txoritxiki","twitter_card":"summary_large_image","twitter_misc":{"Escrito por":"txoritxiki","Tiempo de lectura":"1 minuto"},"schema":{"@context":"https:\/\/schema.org","@graph":[{"@type":"Article","@id":"https:\/\/zumaiamusikaeskola.eus\/es\/noticias\/dantzari-txiki-eguna-lesakan\/#article","isPartOf":{"@id":"https:\/\/zumaiamusikaeskola.eus\/es\/noticias\/dantzari-txiki-eguna-lesakan\/"},"author":{"name":"txoritxiki","@id":"https:\/\/zumaiamusikaeskola.eus\/es\/#\/schema\/person\/deeee152a73494772b2a570fc4ee0e1b"},"headline":"DANTZARI TXIKI EGUNA LESAKAN","datePublished":"2024-03-13T11:19:24+00:00","dateModified":"2024-04-02T08:25:00+00:00","mainEntityOfPage":{"@id":"https:\/\/zumaiamusikaeskola.eus\/es\/noticias\/dantzari-txiki-eguna-lesakan\/"},"wordCount":103,"publisher":{"@id":"https:\/\/zumaiamusikaeskola.eus\/es\/#organization"},"image":{"@id":"https:\/\/zumaiamusikaeskola.eus\/es\/noticias\/dantzari-txiki-eguna-lesakan\/#primaryimage"},"thumbnailUrl":"https:\/\/zumaiamusikaeskola.eus\/wp-content\/uploads\/2024\/03\/DANTZARI-TXIKI-LESAKA-2023.jpg","articleSection":["Noticias"],"inLanguage":"es"},{"@type":"WebPage","@id":"https:\/\/zumaiamusikaeskola.eus\/es\/noticias\/dantzari-txiki-eguna-lesakan\/","url":"https:\/\/zumaiamusikaeskola.eus\/es\/noticias\/dantzari-txiki-eguna-lesakan\/","name":"DANTZARI TXIKI EGUNA LESAKAN | Zumaiako Musika Eskola","isPartOf":{"@id":"https:\/\/zumaiamusikaeskola.eus\/es\/#website"},"primaryImageOfPage":{"@id":"https:\/\/zumaiamusikaeskola.eus\/es\/noticias\/dantzari-txiki-eguna-lesakan\/#primaryimage"},"image":{"@id":"https:\/\/zumaiamusikaeskola.eus\/es\/noticias\/dantzari-txiki-eguna-lesakan\/#primaryimage"},"thumbnailUrl":"https:\/\/zumaiamusikaeskola.eus\/wp-content\/uploads\/2024\/03\/DANTZARI-TXIKI-LESAKA-2023.jpg","datePublished":"2024-03-13T11:19:24+00:00","dateModified":"2024-04-02T08:25:00+00:00","description":"Nos complace anunciar que los alumnos de la Escuela de M\u00fasica y Danza participar\u00e1n en la celebraci\u00f3n del d\u00eda de Dantzari Txiki este s\u00e1bado, 16 de marzo, en Lesaka.","breadcrumb":{"@id":"https:\/\/zumaiamusikaeskola.eus\/es\/noticias\/dantzari-txiki-eguna-lesakan\/#breadcrumb"},"inLanguage":"es","potentialAction":[{"@type":"ReadAction","target":["https:\/\/zumaiamusikaeskola.eus\/es\/noticias\/dantzari-txiki-eguna-lesakan\/"]}]},{"@type":"ImageObject","inLanguage":"es","@id":"https:\/\/zumaiamusikaeskola.eus\/es\/noticias\/dantzari-txiki-eguna-lesakan\/#primaryimage","url":"https:\/\/zumaiamusikaeskola.eus\/wp-content\/uploads\/2024\/03\/DANTZARI-TXIKI-LESAKA-2023.jpg","contentUrl":"https:\/\/zumaiamusikaeskola.eus\/wp-content\/uploads\/2024\/03\/DANTZARI-TXIKI-LESAKA-2023.jpg","width":1600,"height":1066,"caption":"DANTZARI TXIKI LESAKA 2023"},{"@type":"BreadcrumbList","@id":"https:\/\/zumaiamusikaeskola.eus\/es\/noticias\/dantzari-txiki-eguna-lesakan\/#breadcrumb","itemListElement":[{"@type":"ListItem","position":1,"name":"Home","item":"https:\/\/zumaiamusikaeskola.eus\/es\/"},{"@type":"ListItem","position":2,"name":"DANTZARI TXIKI EGUNA LESAKAN"}]},{"@type":"WebSite","@id":"https:\/\/zumaiamusikaeskola.eus\/es\/#website","url":"https:\/\/zumaiamusikaeskola.eus\/es\/","name":"Zumaiako Musika Eskola","description":"Txori Txiki","publisher":{"@id":"https:\/\/zumaiamusikaeskola.eus\/es\/#organization"},"potentialAction":[{"@type":"SearchAction","target":{"@type":"EntryPoint","urlTemplate":"https:\/\/zumaiamusikaeskola.eus\/es\/?s={search_term_string}"},"query-input":{"@type":"PropertyValueSpecification","valueRequired":true,"valueName":"search_term_string"}}],"inLanguage":"es"},{"@type":"Organization","@id":"https:\/\/zumaiamusikaeskola.eus\/es\/#organization","name":"Zumaiako Musika Eskola","url":"https:\/\/zumaiamusikaeskola.eus\/es\/","logo":{"@type":"ImageObject","inLanguage":"es","@id":"https:\/\/zumaiamusikaeskola.eus\/es\/#\/schema\/logo\/image\/","url":"https:\/\/zumaiamusikaeskola.eus\/wp-content\/uploads\/2023\/05\/Zumaia_Musika_Eskola-logoa_osoa-1.png","contentUrl":"https:\/\/zumaiamusikaeskola.eus\/wp-content\/uploads\/2023\/05\/Zumaia_Musika_Eskola-logoa_osoa-1.png","width":703,"height":317,"caption":"Zumaiako Musika Eskola"},"image":{"@id":"https:\/\/zumaiamusikaeskola.eus\/es\/#\/schema\/logo\/image\/"}},{"@type":"Person","@id":"https:\/\/zumaiamusikaeskola.eus\/es\/#\/schema\/person\/deeee152a73494772b2a570fc4ee0e1b","name":"txoritxiki","image":{"@type":"ImageObject","inLanguage":"es","@id":"https:\/\/zumaiamusikaeskola.eus\/es\/#\/schema\/person\/image\/","url":"https:\/\/secure.gravatar.com\/avatar\/4e77f43a17d5cc0cf287e4cfc72c8df8e8dbba7967ad72d52b33d85e458b48a0?s=96&d=mm&r=g","contentUrl":"https:\/\/secure.gravatar.com\/avatar\/4e77f43a17d5cc0cf287e4cfc72c8df8e8dbba7967ad72d52b33d85e458b48a0?s=96&d=mm&r=g","caption":"txoritxiki"}}]}},"_links":{"self":[{"href":"https:\/\/zumaiamusikaeskola.eus\/es\/wp-json\/wp\/v2\/posts\/698","targetHints":{"allow":["GET"]}}],"collection":[{"href":"https:\/\/zumaiamusikaeskola.eus\/es\/wp-json\/wp\/v2\/posts"}],"about":[{"href":"https:\/\/zumaiamusikaeskola.eus\/es\/wp-json\/wp\/v2\/types\/post"}],"author":[{"embeddable":true,"href":"https:\/\/zumaiamusikaeskola.eus\/es\/wp-json\/wp\/v2\/users\/4"}],"replies":[{"embeddable":true,"href":"https:\/\/zumaiamusikaeskola.eus\/es\/wp-json\/wp\/v2\/comments?post=698"}],"version-history":[{"count":5,"href":"https:\/\/zumaiamusikaeskola.eus\/es\/wp-json\/wp\/v2\/posts\/698\/revisions"}],"predecessor-version":[{"id":737,"href":"https:\/\/zumaiamusikaeskola.eus\/es\/wp-json\/wp\/v2\/posts\/698\/revisions\/737"}],"wp:featuredmedia":[{"embeddable":true,"href":"https:\/\/zumaiamusikaeskola.eus\/es\/wp-json\/wp\/v2\/media\/696"}],"wp:attachment":[{"href":"https:\/\/zumaiamusikaeskola.eus\/es\/wp-json\/wp\/v2\/media?parent=698"}],"wp:term":[{"taxonomy":"category","embeddable":true,"href":"https:\/\/zumaiamusikaeskola.eus\/es\/wp-json\/wp\/v2\/categories?post=698"},{"taxonomy":"post_tag","embeddable":true,"href":"https:\/\/zumaiamusikaeskola.eus\/es\/wp-json\/wp\/v2\/tags?post=698"}],"curies":[{"name":"wp","href":"https:\/\/api.w.org\/{rel}","templated":true}]}}