{"id":716,"date":"2024-02-16T10:54:24","date_gmt":"2024-02-16T09:54:24","guid":{"rendered":"https:\/\/zumaiamusikaeskola.eus\/?p=716"},"modified":"2024-04-02T10:35:59","modified_gmt":"2024-04-02T08:35:59","slug":"video-de-carnavales","status":"publish","type":"post","link":"https:\/\/zumaiamusikaeskola.eus\/es\/noticias\/video-de-carnavales\/","title":{"rendered":"V\u00cdDEO CARNAVALES"},"content":{"rendered":"<h2><span id=\"tgt_sent_0\"><span class=\"interactive\">\u00a1En <\/span><span class=\"interactive\">la<\/span>\u00a0<span class=\"interactive\">Escuela<\/span>\u00a0<span class=\"interactive\">de<\/span>\u00a0<span class=\"interactive\">M\u00fasica<\/span> de <span class=\"interactive\">Zumaia <\/span><span class=\"interactive\">hemos<\/span>\u00a0<span class=\"interactive\">vivido<\/span>\u00a0<span class=\"interactive\">la<\/span>\u00a0<span class=\"interactive\">magia<\/span>\u00a0<span class=\"interactive\">de<\/span>\u00a0<span class=\"interactive\">la<\/span>\u00a0<span class=\"interactive\">m\u00fasica<\/span>\u00a0<span class=\"interactive\">participando<\/span>\u00a0<span class=\"interactive\">en<\/span>\u00a0<span class=\"interactive\">el<\/span>\u00a0<span class=\"interactive\">maravilloso<\/span>\u00a0<span class=\"interactive\">desfile<\/span>\u00a0<span class=\"interactive\">de<\/span>\u00a0<span class=\"interactive\">carnavales!<\/span><\/span><\/h2>\n<div><\/div>\n<div><span id=\"tgt_sent_2\"><span class=\"interactive\">Cada<\/span>\u00a0<span class=\"interactive\">nota<\/span>\u00a0<span class=\"interactive\">fue<\/span>\u00a0<span class=\"interactive\">un<\/span>\u00a0<span class=\"interactive\">paso<\/span>\u00a0<span class=\"interactive\">de<\/span>\u00a0<span class=\"interactive\">alegr\u00eda,<\/span>\u00a0<span class=\"interactive\">creatividad<\/span>\u00a0<span class=\"interactive\">y<\/span>\u00a0<span class=\"interactive\">diversi\u00f3n.<\/span><\/span><\/div>\n<div><\/div>\n<div><span id=\"tgt_sent_4\"><span class=\"interactive\">\u00a1Una<\/span>\u00a0<span class=\"interactive\">vez<\/span>\u00a0<span class=\"interactive\">m\u00e1s,<\/span>\u00a0<span class=\"interactive\">disfrutamos<\/span>\u00a0<span class=\"interactive\">de<\/span>\u00a0<span class=\"interactive\">un<\/span>\u00a0<span class=\"interactive\">maravilloso<\/span>\u00a0<span class=\"interactive\">carnaval!<\/span><\/span><\/div>\n<div><\/div>\n<div><span id=\"tgt_sent_6\"><span class=\"interactive\">Pod\u00e9is<\/span>\u00a0<span class=\"interactive\">ver<\/span>\u00a0<span class=\"interactive\">el<\/span>\u00a0<span class=\"interactive\">v\u00eddeo<\/span>\u00a0<span class=\"interactive\">y<\/span>\u00a0<span class=\"interactive\">m\u00e1s<\/span>\u00a0<span class=\"interactive\">informaci\u00f3n<\/span>\u00a0<span class=\"interactive\">en<\/span>\u00a0<span class=\"interactive\">baleik:<\/span><\/span><\/div>\n<p><a href=\"https:\/\/baleike.eus\/zumaia\/1707579788129-musika-eskolak-harrera-polita-egin-dio-mozorro-festari\" target=\"_blank\" rel=\"noopener\">https:\/\/baleike.eus\/zumaia\/1707579788129-musika-eskolak-harrera-polita-egin-dio-mozorro-festari<\/a><\/p>\n<p>&nbsp;<\/p>\n<p><!--more--><\/p>\n<div id=\"output_text_dummy\" class=\"form-div minimal p-0 flex-grow-1 h-10rm\"><\/div>\n<div style=\"width: 640px;\" class=\"wp-video\"><video class=\"wp-video-shortcode\" id=\"video-716-1\" width=\"640\" height=\"363\" preload=\"metadata\" controls=\"controls\"><source type=\"video\/mp4\" src=\"https:\/\/zumaiamusikaeskola.eus\/wp-content\/uploads\/2024\/02\/Karnabalak2.mp4?_=1\" \/><a href=\"https:\/\/zumaiamusikaeskola.eus\/wp-content\/uploads\/2024\/02\/Karnabalak2.mp4\">https:\/\/zumaiamusikaeskola.eus\/wp-content\/uploads\/2024\/02\/Karnabalak2.mp4<\/a><\/video><\/div>\n","protected":false},"excerpt":{"rendered":"<p>\u00a1En la\u00a0Escuela\u00a0de\u00a0M\u00fasica de Zumaia hemos\u00a0vivido\u00a0la\u00a0magia\u00a0de\u00a0la\u00a0m\u00fasica\u00a0participando\u00a0en\u00a0el\u00a0maravilloso\u00a0desfile\u00a0de\u00a0carnavales! Cada\u00a0nota\u00a0fue\u00a0un\u00a0paso\u00a0de\u00a0alegr\u00eda,\u00a0creatividad\u00a0y\u00a0diversi\u00f3n. \u00a1Una\u00a0vez\u00a0m\u00e1s,\u00a0disfrutamos\u00a0de\u00a0un\u00a0maravilloso\u00a0carnaval! Pod\u00e9is\u00a0ver\u00a0el\u00a0v\u00eddeo\u00a0y\u00a0m\u00e1s\u00a0informaci\u00f3n\u00a0en\u00a0baleik: https:\/\/baleike.eus\/zumaia\/1707579788129-musika-eskolak-harrera-polita-egin-dio-mozorro-festari &nbsp;<\/p>\n","protected":false},"author":1,"featured_media":667,"comment_status":"closed","ping_status":"closed","sticky":false,"template":"","format":"standard","meta":{"_acf_changed":false,"footnotes":""},"categories":[6],"tags":[],"class_list":["post-716","post","type-post","status-publish","format-standard","has-post-thumbnail","hentry","category-noticias"],"acf":[],"yoast_head":"<!-- This site is optimized with the Yoast SEO plugin v26.2 - https:\/\/yoast.com\/wordpress\/plugins\/seo\/ -->\n<title>V\u00cdDEO CARNAVALES | Zumaiako Musika Eskola<\/title>\n<meta name=\"description\" content=\"La Escuela de M\u00fasica de Zumaia celebr\u00f3 la magia del carnaval con un deslumbrante desfile que llen\u00f3 las calles de m\u00fasica, alegr\u00eda, y creatividad. Para todos aquellos que no pudieron asistir o deseen revivir este maravilloso evento, les invitamos a ver el v\u00eddeo.\" \/>\n<meta name=\"robots\" content=\"index, follow, max-snippet:-1, max-image-preview:large, max-video-preview:-1\" \/>\n<link rel=\"canonical\" href=\"https:\/\/zumaiamusikaeskola.eus\/es\/noticias\/video-de-carnavales\/\" \/>\n<meta property=\"og:locale\" content=\"es_ES\" \/>\n<meta property=\"og:type\" content=\"article\" \/>\n<meta property=\"og:title\" content=\"V\u00cdDEO CARNAVALES | Zumaiako Musika Eskola\" \/>\n<meta property=\"og:description\" content=\"La Escuela de M\u00fasica de Zumaia celebr\u00f3 la magia del carnaval con un deslumbrante desfile que llen\u00f3 las calles de m\u00fasica, alegr\u00eda, y creatividad. Para todos aquellos que no pudieron asistir o deseen revivir este maravilloso evento, les invitamos a ver el v\u00eddeo.\" \/>\n<meta property=\"og:url\" content=\"https:\/\/zumaiamusikaeskola.eus\/es\/noticias\/video-de-carnavales\/\" \/>\n<meta property=\"og:site_name\" content=\"Zumaiako Musika Eskola\" \/>\n<meta property=\"article:published_time\" content=\"2024-02-16T09:54:24+00:00\" \/>\n<meta property=\"article:modified_time\" content=\"2024-04-02T08:35:59+00:00\" \/>\n<meta property=\"og:image\" content=\"https:\/\/zumaiamusikaeskola.eus\/wp-content\/uploads\/2024\/02\/Inauteriak2.png\" \/>\n\t<meta property=\"og:image:width\" content=\"1080\" \/>\n\t<meta property=\"og:image:height\" content=\"1080\" \/>\n\t<meta property=\"og:image:type\" content=\"image\/png\" \/>\n<meta name=\"author\" content=\"kudeatzailea\" \/>\n<meta name=\"twitter:card\" content=\"summary_large_image\" \/>\n<meta name=\"twitter:label1\" content=\"Escrito por\" \/>\n\t<meta name=\"twitter:data1\" content=\"kudeatzailea\" \/>\n\t<meta name=\"twitter:label2\" content=\"Tiempo de lectura\" \/>\n\t<meta name=\"twitter:data2\" content=\"1 minuto\" \/>\n<script type=\"application\/ld+json\" class=\"yoast-schema-graph\">{\"@context\":\"https:\/\/schema.org\",\"@graph\":[{\"@type\":\"Article\",\"@id\":\"https:\/\/zumaiamusikaeskola.eus\/es\/noticias\/video-de-carnavales\/#article\",\"isPartOf\":{\"@id\":\"https:\/\/zumaiamusikaeskola.eus\/es\/noticias\/video-de-carnavales\/\"},\"author\":{\"name\":\"kudeatzailea\",\"@id\":\"https:\/\/zumaiamusikaeskola.eus\/es\/#\/schema\/person\/652fe4cb5076635527aea7d5c773af61\"},\"headline\":\"V\u00cdDEO CARNAVALES\",\"datePublished\":\"2024-02-16T09:54:24+00:00\",\"dateModified\":\"2024-04-02T08:35:59+00:00\",\"mainEntityOfPage\":{\"@id\":\"https:\/\/zumaiamusikaeskola.eus\/es\/noticias\/video-de-carnavales\/\"},\"wordCount\":78,\"publisher\":{\"@id\":\"https:\/\/zumaiamusikaeskola.eus\/es\/#organization\"},\"image\":{\"@id\":\"https:\/\/zumaiamusikaeskola.eus\/es\/noticias\/video-de-carnavales\/#primaryimage\"},\"thumbnailUrl\":\"https:\/\/zumaiamusikaeskola.eus\/wp-content\/uploads\/2024\/02\/Inauteriak2.png\",\"articleSection\":[\"Noticias\"],\"inLanguage\":\"es\"},{\"@type\":\"WebPage\",\"@id\":\"https:\/\/zumaiamusikaeskola.eus\/es\/noticias\/video-de-carnavales\/\",\"url\":\"https:\/\/zumaiamusikaeskola.eus\/es\/noticias\/video-de-carnavales\/\",\"name\":\"V\u00cdDEO CARNAVALES | Zumaiako Musika Eskola\",\"isPartOf\":{\"@id\":\"https:\/\/zumaiamusikaeskola.eus\/es\/#website\"},\"primaryImageOfPage\":{\"@id\":\"https:\/\/zumaiamusikaeskola.eus\/es\/noticias\/video-de-carnavales\/#primaryimage\"},\"image\":{\"@id\":\"https:\/\/zumaiamusikaeskola.eus\/es\/noticias\/video-de-carnavales\/#primaryimage\"},\"thumbnailUrl\":\"https:\/\/zumaiamusikaeskola.eus\/wp-content\/uploads\/2024\/02\/Inauteriak2.png\",\"datePublished\":\"2024-02-16T09:54:24+00:00\",\"dateModified\":\"2024-04-02T08:35:59+00:00\",\"description\":\"La Escuela de M\u00fasica de Zumaia celebr\u00f3 la magia del carnaval con un deslumbrante desfile que llen\u00f3 las calles de m\u00fasica, alegr\u00eda, y creatividad. Para todos aquellos que no pudieron asistir o deseen revivir este maravilloso evento, les invitamos a ver el v\u00eddeo.\",\"breadcrumb\":{\"@id\":\"https:\/\/zumaiamusikaeskola.eus\/es\/noticias\/video-de-carnavales\/#breadcrumb\"},\"inLanguage\":\"es\",\"potentialAction\":[{\"@type\":\"ReadAction\",\"target\":[\"https:\/\/zumaiamusikaeskola.eus\/es\/noticias\/video-de-carnavales\/\"]}]},{\"@type\":\"ImageObject\",\"inLanguage\":\"es\",\"@id\":\"https:\/\/zumaiamusikaeskola.eus\/es\/noticias\/video-de-carnavales\/#primaryimage\",\"url\":\"https:\/\/zumaiamusikaeskola.eus\/wp-content\/uploads\/2024\/02\/Inauteriak2.png\",\"contentUrl\":\"https:\/\/zumaiamusikaeskola.eus\/wp-content\/uploads\/2024\/02\/Inauteriak2.png\",\"width\":1080,\"height\":1080,\"caption\":\"Inauteriak2\"},{\"@type\":\"BreadcrumbList\",\"@id\":\"https:\/\/zumaiamusikaeskola.eus\/es\/noticias\/video-de-carnavales\/#breadcrumb\",\"itemListElement\":[{\"@type\":\"ListItem\",\"position\":1,\"name\":\"Home\",\"item\":\"https:\/\/zumaiamusikaeskola.eus\/es\/\"},{\"@type\":\"ListItem\",\"position\":2,\"name\":\"V\u00cdDEO CARNAVALES\"}]},{\"@type\":\"WebSite\",\"@id\":\"https:\/\/zumaiamusikaeskola.eus\/es\/#website\",\"url\":\"https:\/\/zumaiamusikaeskola.eus\/es\/\",\"name\":\"Zumaiako Musika Eskola\",\"description\":\"Txori Txiki\",\"publisher\":{\"@id\":\"https:\/\/zumaiamusikaeskola.eus\/es\/#organization\"},\"potentialAction\":[{\"@type\":\"SearchAction\",\"target\":{\"@type\":\"EntryPoint\",\"urlTemplate\":\"https:\/\/zumaiamusikaeskola.eus\/es\/?s={search_term_string}\"},\"query-input\":{\"@type\":\"PropertyValueSpecification\",\"valueRequired\":true,\"valueName\":\"search_term_string\"}}],\"inLanguage\":\"es\"},{\"@type\":\"Organization\",\"@id\":\"https:\/\/zumaiamusikaeskola.eus\/es\/#organization\",\"name\":\"Zumaiako Musika Eskola\",\"url\":\"https:\/\/zumaiamusikaeskola.eus\/es\/\",\"logo\":{\"@type\":\"ImageObject\",\"inLanguage\":\"es\",\"@id\":\"https:\/\/zumaiamusikaeskola.eus\/es\/#\/schema\/logo\/image\/\",\"url\":\"https:\/\/zumaiamusikaeskola.eus\/wp-content\/uploads\/2023\/05\/Zumaia_Musika_Eskola-logoa_osoa-1.png\",\"contentUrl\":\"https:\/\/zumaiamusikaeskola.eus\/wp-content\/uploads\/2023\/05\/Zumaia_Musika_Eskola-logoa_osoa-1.png\",\"width\":703,\"height\":317,\"caption\":\"Zumaiako Musika Eskola\"},\"image\":{\"@id\":\"https:\/\/zumaiamusikaeskola.eus\/es\/#\/schema\/logo\/image\/\"}},{\"@type\":\"Person\",\"@id\":\"https:\/\/zumaiamusikaeskola.eus\/es\/#\/schema\/person\/652fe4cb5076635527aea7d5c773af61\",\"name\":\"kudeatzailea\",\"image\":{\"@type\":\"ImageObject\",\"inLanguage\":\"es\",\"@id\":\"https:\/\/zumaiamusikaeskola.eus\/es\/#\/schema\/person\/image\/\",\"url\":\"https:\/\/secure.gravatar.com\/avatar\/0fcf6375aa80bc064ae5908b70c04fb9cd8ef2a3a92de5a49ec9560d0c06d99e?s=96&d=mm&r=g\",\"contentUrl\":\"https:\/\/secure.gravatar.com\/avatar\/0fcf6375aa80bc064ae5908b70c04fb9cd8ef2a3a92de5a49ec9560d0c06d99e?s=96&d=mm&r=g\",\"caption\":\"kudeatzailea\"},\"sameAs\":[\"https:\/\/zumaiamusikaeskola.eus\"]}]}<\/script>\n<!-- \/ Yoast SEO plugin. -->","yoast_head_json":{"title":"V\u00cdDEO CARNAVALES | Zumaiako Musika Eskola","description":"La Escuela de M\u00fasica de Zumaia celebr\u00f3 la magia del carnaval con un deslumbrante desfile que llen\u00f3 las calles de m\u00fasica, alegr\u00eda, y creatividad. Para todos aquellos que no pudieron asistir o deseen revivir este maravilloso evento, les invitamos a ver el v\u00eddeo.","robots":{"index":"index","follow":"follow","max-snippet":"max-snippet:-1","max-image-preview":"max-image-preview:large","max-video-preview":"max-video-preview:-1"},"canonical":"https:\/\/zumaiamusikaeskola.eus\/es\/noticias\/video-de-carnavales\/","og_locale":"es_ES","og_type":"article","og_title":"V\u00cdDEO CARNAVALES | Zumaiako Musika Eskola","og_description":"La Escuela de M\u00fasica de Zumaia celebr\u00f3 la magia del carnaval con un deslumbrante desfile que llen\u00f3 las calles de m\u00fasica, alegr\u00eda, y creatividad. Para todos aquellos que no pudieron asistir o deseen revivir este maravilloso evento, les invitamos a ver el v\u00eddeo.","og_url":"https:\/\/zumaiamusikaeskola.eus\/es\/noticias\/video-de-carnavales\/","og_site_name":"Zumaiako Musika Eskola","article_published_time":"2024-02-16T09:54:24+00:00","article_modified_time":"2024-04-02T08:35:59+00:00","og_image":[{"width":1080,"height":1080,"url":"https:\/\/zumaiamusikaeskola.eus\/wp-content\/uploads\/2024\/02\/Inauteriak2.png","type":"image\/png"}],"author":"kudeatzailea","twitter_card":"summary_large_image","twitter_misc":{"Escrito por":"kudeatzailea","Tiempo de lectura":"1 minuto"},"schema":{"@context":"https:\/\/schema.org","@graph":[{"@type":"Article","@id":"https:\/\/zumaiamusikaeskola.eus\/es\/noticias\/video-de-carnavales\/#article","isPartOf":{"@id":"https:\/\/zumaiamusikaeskola.eus\/es\/noticias\/video-de-carnavales\/"},"author":{"name":"kudeatzailea","@id":"https:\/\/zumaiamusikaeskola.eus\/es\/#\/schema\/person\/652fe4cb5076635527aea7d5c773af61"},"headline":"V\u00cdDEO CARNAVALES","datePublished":"2024-02-16T09:54:24+00:00","dateModified":"2024-04-02T08:35:59+00:00","mainEntityOfPage":{"@id":"https:\/\/zumaiamusikaeskola.eus\/es\/noticias\/video-de-carnavales\/"},"wordCount":78,"publisher":{"@id":"https:\/\/zumaiamusikaeskola.eus\/es\/#organization"},"image":{"@id":"https:\/\/zumaiamusikaeskola.eus\/es\/noticias\/video-de-carnavales\/#primaryimage"},"thumbnailUrl":"https:\/\/zumaiamusikaeskola.eus\/wp-content\/uploads\/2024\/02\/Inauteriak2.png","articleSection":["Noticias"],"inLanguage":"es"},{"@type":"WebPage","@id":"https:\/\/zumaiamusikaeskola.eus\/es\/noticias\/video-de-carnavales\/","url":"https:\/\/zumaiamusikaeskola.eus\/es\/noticias\/video-de-carnavales\/","name":"V\u00cdDEO CARNAVALES | Zumaiako Musika Eskola","isPartOf":{"@id":"https:\/\/zumaiamusikaeskola.eus\/es\/#website"},"primaryImageOfPage":{"@id":"https:\/\/zumaiamusikaeskola.eus\/es\/noticias\/video-de-carnavales\/#primaryimage"},"image":{"@id":"https:\/\/zumaiamusikaeskola.eus\/es\/noticias\/video-de-carnavales\/#primaryimage"},"thumbnailUrl":"https:\/\/zumaiamusikaeskola.eus\/wp-content\/uploads\/2024\/02\/Inauteriak2.png","datePublished":"2024-02-16T09:54:24+00:00","dateModified":"2024-04-02T08:35:59+00:00","description":"La Escuela de M\u00fasica de Zumaia celebr\u00f3 la magia del carnaval con un deslumbrante desfile que llen\u00f3 las calles de m\u00fasica, alegr\u00eda, y creatividad. Para todos aquellos que no pudieron asistir o deseen revivir este maravilloso evento, les invitamos a ver el v\u00eddeo.","breadcrumb":{"@id":"https:\/\/zumaiamusikaeskola.eus\/es\/noticias\/video-de-carnavales\/#breadcrumb"},"inLanguage":"es","potentialAction":[{"@type":"ReadAction","target":["https:\/\/zumaiamusikaeskola.eus\/es\/noticias\/video-de-carnavales\/"]}]},{"@type":"ImageObject","inLanguage":"es","@id":"https:\/\/zumaiamusikaeskola.eus\/es\/noticias\/video-de-carnavales\/#primaryimage","url":"https:\/\/zumaiamusikaeskola.eus\/wp-content\/uploads\/2024\/02\/Inauteriak2.png","contentUrl":"https:\/\/zumaiamusikaeskola.eus\/wp-content\/uploads\/2024\/02\/Inauteriak2.png","width":1080,"height":1080,"caption":"Inauteriak2"},{"@type":"BreadcrumbList","@id":"https:\/\/zumaiamusikaeskola.eus\/es\/noticias\/video-de-carnavales\/#breadcrumb","itemListElement":[{"@type":"ListItem","position":1,"name":"Home","item":"https:\/\/zumaiamusikaeskola.eus\/es\/"},{"@type":"ListItem","position":2,"name":"V\u00cdDEO CARNAVALES"}]},{"@type":"WebSite","@id":"https:\/\/zumaiamusikaeskola.eus\/es\/#website","url":"https:\/\/zumaiamusikaeskola.eus\/es\/","name":"Zumaiako Musika Eskola","description":"Txori Txiki","publisher":{"@id":"https:\/\/zumaiamusikaeskola.eus\/es\/#organization"},"potentialAction":[{"@type":"SearchAction","target":{"@type":"EntryPoint","urlTemplate":"https:\/\/zumaiamusikaeskola.eus\/es\/?s={search_term_string}"},"query-input":{"@type":"PropertyValueSpecification","valueRequired":true,"valueName":"search_term_string"}}],"inLanguage":"es"},{"@type":"Organization","@id":"https:\/\/zumaiamusikaeskola.eus\/es\/#organization","name":"Zumaiako Musika Eskola","url":"https:\/\/zumaiamusikaeskola.eus\/es\/","logo":{"@type":"ImageObject","inLanguage":"es","@id":"https:\/\/zumaiamusikaeskola.eus\/es\/#\/schema\/logo\/image\/","url":"https:\/\/zumaiamusikaeskola.eus\/wp-content\/uploads\/2023\/05\/Zumaia_Musika_Eskola-logoa_osoa-1.png","contentUrl":"https:\/\/zumaiamusikaeskola.eus\/wp-content\/uploads\/2023\/05\/Zumaia_Musika_Eskola-logoa_osoa-1.png","width":703,"height":317,"caption":"Zumaiako Musika Eskola"},"image":{"@id":"https:\/\/zumaiamusikaeskola.eus\/es\/#\/schema\/logo\/image\/"}},{"@type":"Person","@id":"https:\/\/zumaiamusikaeskola.eus\/es\/#\/schema\/person\/652fe4cb5076635527aea7d5c773af61","name":"kudeatzailea","image":{"@type":"ImageObject","inLanguage":"es","@id":"https:\/\/zumaiamusikaeskola.eus\/es\/#\/schema\/person\/image\/","url":"https:\/\/secure.gravatar.com\/avatar\/0fcf6375aa80bc064ae5908b70c04fb9cd8ef2a3a92de5a49ec9560d0c06d99e?s=96&d=mm&r=g","contentUrl":"https:\/\/secure.gravatar.com\/avatar\/0fcf6375aa80bc064ae5908b70c04fb9cd8ef2a3a92de5a49ec9560d0c06d99e?s=96&d=mm&r=g","caption":"kudeatzailea"},"sameAs":["https:\/\/zumaiamusikaeskola.eus"]}]}},"_links":{"self":[{"href":"https:\/\/zumaiamusikaeskola.eus\/es\/wp-json\/wp\/v2\/posts\/716","targetHints":{"allow":["GET"]}}],"collection":[{"href":"https:\/\/zumaiamusikaeskola.eus\/es\/wp-json\/wp\/v2\/posts"}],"about":[{"href":"https:\/\/zumaiamusikaeskola.eus\/es\/wp-json\/wp\/v2\/types\/post"}],"author":[{"embeddable":true,"href":"https:\/\/zumaiamusikaeskola.eus\/es\/wp-json\/wp\/v2\/users\/1"}],"replies":[{"embeddable":true,"href":"https:\/\/zumaiamusikaeskola.eus\/es\/wp-json\/wp\/v2\/comments?post=716"}],"version-history":[{"count":6,"href":"https:\/\/zumaiamusikaeskola.eus\/es\/wp-json\/wp\/v2\/posts\/716\/revisions"}],"predecessor-version":[{"id":741,"href":"https:\/\/zumaiamusikaeskola.eus\/es\/wp-json\/wp\/v2\/posts\/716\/revisions\/741"}],"wp:featuredmedia":[{"embeddable":true,"href":"https:\/\/zumaiamusikaeskola.eus\/es\/wp-json\/wp\/v2\/media\/667"}],"wp:attachment":[{"href":"https:\/\/zumaiamusikaeskola.eus\/es\/wp-json\/wp\/v2\/media?parent=716"}],"wp:term":[{"taxonomy":"category","embeddable":true,"href":"https:\/\/zumaiamusikaeskola.eus\/es\/wp-json\/wp\/v2\/categories?post=716"},{"taxonomy":"post_tag","embeddable":true,"href":"https:\/\/zumaiamusikaeskola.eus\/es\/wp-json\/wp\/v2\/tags?post=716"}],"curies":[{"name":"wp","href":"https:\/\/api.w.org\/{rel}","templated":true}]}}